{"id":10118,"date":"2023-05-02T12:06:23","date_gmt":"2023-05-02T10:06:23","guid":{"rendered":"https:\/\/congres.mlfmonde.org\/reims2023\/?p=10118"},"modified":"2023-05-02T12:07:59","modified_gmt":"2023-05-02T10:07:59","slug":"allocutions-douverture","status":"publish","type":"post","link":"https:\/\/congres.mlfmonde.org\/reims2023\/allocutions-douverture\/","title":{"rendered":"Allocutions d&rsquo;ouverture"},"content":{"rendered":"\n<p>Arnaud Robinet (maire de Reims)<br>Olivier Brandouy (recteur de l\u2019Acad\u00e9mie de Reims)<br>Pap Ndiaye (ministre de l\u2019\u00c9ducation nationale et de la Jeunesse) [vid\u00e9o]<br>Fran\u00e7ois Perret (pr\u00e9sident de la Mlf\/OSUI)<\/p>\n","protected":false},"excerpt":{"rendered":"<p>Arnaud Robinet (maire de Reims)Olivier Brandouy (recteur de l\u2019Acad\u00e9mie de Reims)Pap Ndiaye (ministre de l\u2019\u00c9ducation nationale et de la Jeunesse) [vid\u00e9o]Fran\u00e7ois Perret (pr\u00e9sident de la Mlf\/OSUI)<\/p>\n","protected":false},"author":16,"featured_media":0,"comment_status":"closed","ping_status":"closed","sticky":false,"template":"","format":"standard","meta":{"footnotes":""},"categories":[1],"tags":[],"class_list":["post-10118","post","type-post","status-publish","format-standard","hentry","category-non-classe"],"_links":{"self":[{"href":"https:\/\/congres.mlfmonde.org\/reims2023\/wp-json\/wp\/v2\/posts\/10118","targetHints":{"allow":["GET"]}}],"collection":[{"href":"https:\/\/congres.mlfmonde.org\/reims2023\/wp-json\/wp\/v2\/posts"}],"about":[{"href":"https:\/\/congres.mlfmonde.org\/reims2023\/wp-json\/wp\/v2\/types\/post"}],"author":[{"embeddable":true,"href":"https:\/\/congres.mlfmonde.org\/reims2023\/wp-json\/wp\/v2\/users\/16"}],"replies":[{"embeddable":true,"href":"https:\/\/congres.mlfmonde.org\/reims2023\/wp-json\/wp\/v2\/comments?post=10118"}],"version-history":[{"count":1,"href":"https:\/\/congres.mlfmonde.org\/reims2023\/wp-json\/wp\/v2\/posts\/10118\/revisions"}],"predecessor-version":[{"id":10119,"href":"https:\/\/congres.mlfmonde.org\/reims2023\/wp-json\/wp\/v2\/posts\/10118\/revisions\/10119"}],"wp:attachment":[{"href":"https:\/\/congres.mlfmonde.org\/reims2023\/wp-json\/wp\/v2\/media?parent=10118"}],"wp:term":[{"taxonomy":"category","embeddable":true,"href":"https:\/\/congres.mlfmonde.org\/reims2023\/wp-json\/wp\/v2\/categories?post=10118"},{"taxonomy":"post_tag","embeddable":true,"href":"https:\/\/congres.mlfmonde.org\/reims2023\/wp-json\/wp\/v2\/tags?post=10118"}],"curies":[{"name":"wp","href":"https:\/\/api.w.org\/{rel}","templated":true}]}}