{"id":10157,"date":"2023-05-02T16:11:57","date_gmt":"2023-05-02T14:11:57","guid":{"rendered":"https:\/\/congres.mlfmonde.org\/reims2023\/?p=10157"},"modified":"2023-05-12T06:53:42","modified_gmt":"2023-05-12T04:53:42","slug":"8e-edition-congres-mlf","status":"publish","type":"post","link":"https:\/\/congres.mlfmonde.org\/reims2023\/8e-edition-congres-mlf\/","title":{"rendered":"Enseigner la v\u00e9rit\u00e9, 8e \u00e9dition du Congr\u00e8s de la Mlf"},"content":{"rendered":"\n<p>Tous les ans, la Mission la\u00efque fran\u00e7aise r\u00e9unit tous les acteurs qui font vivre les \u00e9tablissements scolaires fran\u00e7ais \u00e0 l\u2019\u00e9tranger, des enseignants et repr\u00e9sentants d\u2019acad\u00e9mies de France, ainsi que les repr\u00e9sentants de ses partenaires institutionnels, publics ou priv\u00e9s.<\/p>\n\n\n\n<p>Apr\u00e8s un Congr\u00e8s r\u00e9ussi en 2022, alors que la communaut\u00e9 du r\u00e9seau mlfmonde s\u2019\u00e9tait r\u00e9unie \u00e0 l\u2019<a href=\"https:\/\/www.uir.ac.ma\/\">Universit\u00e9 Internationale de Rabat<\/a> pour \u00e9voquer ensemble <a href=\"https:\/\/youtu.be\/gpDu2qq5O84\">les nouveaux enjeux qui attendent l\u2019association<\/a>, la huiti\u00e8me \u00e9dition des Congr\u00e8s de la Mlf aura lieu les 14, 15 et 16 mai 2023 au Palais des Congr\u00e8s de Reims.<\/p>\n\n\n\n<p>Cette ann\u00e9e, le r\u00e9seau mlfmonde et ses partenaires se donnent rendez-vous autour d\u2019une th\u00e9matique en lien avec une probl\u00e9matique contemporaine \u00e0 l\u2019\u00e9ducation : la v\u00e9rit\u00e9. <\/p>\n\n\n\n<p><strong>Enseigner la v\u00e9rit\u00e9 ? Un d\u00e9fi toujours renouvel\u00e9.<\/strong><br>Pour cette nouvelle \u00e9dition, le choix de la Mlf s\u2019est port\u00e9 sur une th\u00e9matique qui s\u2019inscrit pleinement dans l\u2019histoire de l\u2019enseignement fran\u00e7ais \u00e0 l\u2019\u00e9tranger, au c\u0153ur des enjeux p\u00e9dagogiques du 21e si\u00e8cle.<br>Nous vivons une p\u00e9riode paradoxale, au moment m\u00eame o\u00f9 la science n\u2019a jamais \u00e9t\u00e9 aussi pr\u00e9sente dans la soci\u00e9t\u00e9. \u00c0 l\u2019\u00e8re de l\u2019information en continu, de l\u2019infob\u00e9sit\u00e9 et de la manipulation des fake news, les conflits de v\u00e9rit\u00e9 s\u2019invitent dans les classes et remettent en cause l\u2019acte m\u00eame d\u2019enseigner. Ces probl\u00e9matiques propres \u00e0 notre \u00e9poque viennent questionner notre mod\u00e8le d\u2019\u00c9cole actuel m\u00eame, ses cours d\u2019histoire, de SVT, de litt\u00e9rature, de philosophie\u2026et imposent au monde de l\u2019\u00e9ducation d\u2019asseoir son action autour de certaines valeurs intangibles et fondamentales (la v\u00e9racit\u00e9, l\u2019authenticit\u00e9, la sinc\u00e9rit\u00e9, l\u2019exactitude, la preuve). D\u00e8s lors, la relativisation de la notion m\u00eame de v\u00e9rit\u00e9 questionne la vis\u00e9e \u00e9mancipatrice de l\u2019\u00e9cole r\u00e9publicaine.<\/p>\n\n\n\n<p>Afin de r\u00e9pondre \u00e0 ces enjeux, la formation des jeunes citoyens doit pleinement s\u2019appuyer sur le d\u00e9veloppement de leur esprit critique, sur leurs capacit\u00e9s d\u2019analyse et de raisonnement.<br>Ces journ\u00e9es doivent permettre d\u2019\u00e9changer autour des r\u00e9flexions universitaires (scientifiques, historiques, sociologiques et philosophiques\u2026), des pratiques et outils p\u00e9dagogiques ainsi que des formations mises en \u0153uvre qui nous encouragent \u00e0 relever ces nombreux d\u00e9fis.<br><strong>Au programme ?<\/strong><br>Des tables rondes autour de l\u2019\u00e9ducation aux m\u00e9dias et \u00e0 l\u2019information, de l\u2019enseignement \u00e0 l\u2019heure du num\u00e9rique, v\u00e9rit\u00e9 et formation des enseignants, v\u00e9rit\u00e9 et interculturalit\u00e9, v\u00e9rit\u00e9 et citoyennet\u00e9 des \u00e9l\u00e8ves\u2026<\/p>\n\n\n\n<p>Une webradio sera anim\u00e9e, en direct du Palais des Congr\u00e8s, par des \u00e9l\u00e8ves de Marrakech, Beyrouth, Alicante, Moanda, Reims et Abu Dhabi.<\/p>\n\n\n\n<div style=\"height:100px\" aria-hidden=\"true\" class=\"wp-block-spacer\"><\/div>\n\n\n\n<h2 class=\"wp-block-heading has-text-align-center has-text-color\" style=\"color:#1792ad\"><strong>~ Retour sur le Congr\u00e8s Mlf 2022 \u00e0 Rabat ~<\/strong><\/h2>\n\n\n\n<figure class=\"wp-block-video\"><video height=\"1080\" style=\"aspect-ratio: 1080 \/ 1080;\" width=\"1080\" controls src=\"https:\/\/congres.mlfmonde.org\/reims2023\/wp-content\/uploads\/2022\/05\/video-cloture-congres-1.mp4\"><\/video><\/figure>\n\n\n\n<div style=\"height:28px\" aria-hidden=\"true\" class=\"wp-block-spacer\"><\/div>\n","protected":false},"excerpt":{"rendered":"<p>Tous les ans, la Mission la\u00efque fran\u00e7aise r\u00e9unit tous les acteurs qui font vivre les \u00e9tablissements scolaires fran\u00e7ais \u00e0 l\u2019\u00e9tranger, des enseignants et repr\u00e9sentants d\u2019acad\u00e9mies de France, ainsi que les repr\u00e9sentants de ses partenaires institutionnels, publics ou priv\u00e9s. Apr\u00e8s un Congr\u00e8s r\u00e9ussi en 2022, alors que la communaut\u00e9 du r\u00e9seau mlfmonde s\u2019\u00e9tait r\u00e9unie \u00e0 l\u2019Universit\u00e9 [&hellip;]<\/p>\n","protected":false},"author":15,"featured_media":0,"comment_status":"open","ping_status":"closed","sticky":false,"template":"","format":"standard","meta":{"footnotes":""},"categories":[16,1],"tags":[],"class_list":["post-10157","post","type-post","status-publish","format-standard","hentry","category-blog","category-non-classe"],"_links":{"self":[{"href":"https:\/\/congres.mlfmonde.org\/reims2023\/wp-json\/wp\/v2\/posts\/10157","targetHints":{"allow":["GET"]}}],"collection":[{"href":"https:\/\/congres.mlfmonde.org\/reims2023\/wp-json\/wp\/v2\/posts"}],"about":[{"href":"https:\/\/congres.mlfmonde.org\/reims2023\/wp-json\/wp\/v2\/types\/post"}],"author":[{"embeddable":true,"href":"https:\/\/congres.mlfmonde.org\/reims2023\/wp-json\/wp\/v2\/users\/15"}],"replies":[{"embeddable":true,"href":"https:\/\/congres.mlfmonde.org\/reims2023\/wp-json\/wp\/v2\/comments?post=10157"}],"version-history":[{"count":4,"href":"https:\/\/congres.mlfmonde.org\/reims2023\/wp-json\/wp\/v2\/posts\/10157\/revisions"}],"predecessor-version":[{"id":10720,"href":"https:\/\/congres.mlfmonde.org\/reims2023\/wp-json\/wp\/v2\/posts\/10157\/revisions\/10720"}],"wp:attachment":[{"href":"https:\/\/congres.mlfmonde.org\/reims2023\/wp-json\/wp\/v2\/media?parent=10157"}],"wp:term":[{"taxonomy":"category","embeddable":true,"href":"https:\/\/congres.mlfmonde.org\/reims2023\/wp-json\/wp\/v2\/categories?post=10157"},{"taxonomy":"post_tag","embeddable":true,"href":"https:\/\/congres.mlfmonde.org\/reims2023\/wp-json\/wp\/v2\/tags?post=10157"}],"curies":[{"name":"wp","href":"https:\/\/api.w.org\/{rel}","templated":true}]}}