{"id":5564,"date":"2022-04-17T22:30:11","date_gmt":"2022-04-17T20:30:11","guid":{"rendered":"https:\/\/congres.mlfmonde.org\/reims2023\/?p=5564"},"modified":"2023-05-02T11:10:21","modified_gmt":"2023-05-02T09:10:21","slug":"un-congres-anniversaire-apres-deux-ans-de-pandemie","status":"publish","type":"post","link":"https:\/\/congres.mlfmonde.org\/reims2023\/un-congres-anniversaire-apres-deux-ans-de-pandemie\/","title":{"rendered":"Un congr\u00e8s \u00e0 Reims"},"content":{"rendered":"\n<p>Tous les ans, la Mission la\u00efque fran\u00e7aise r\u00e9unit les acteurs qui font vivre les \u00e9coles et les lyc\u00e9es fran\u00e7ais \u00e0 l\u2019\u00e9tranger, des enseignants et repr\u00e9sentants d\u2019acad\u00e9mies de France, ainsi que les repr\u00e9sentants des partenaires institutionnels de la Mission la\u00efque fran\u00e7aise.<\/p>\n\n\n\n<p>Apr\u00e8s deux ans de pand\u00e9mie, de bouleversements majeurs dans l\u2019organisation de notre syst\u00e8me \u00e9ducatif, la communaut\u00e9 du r\u00e9seau mlfmonde s\u2019est r\u00e9unit les 8&nbsp;au&nbsp;10 derniers \u00e0 l\u2019<a href=\"https:\/\/www.uir.ac.ma\/\">Universit\u00e9 Internationale de Rabat<\/a>, pour \u00e9voquer ensemble&nbsp;<a href=\"https:\/\/youtu.be\/gpDu2qq5O84\">les nouveaux enjeux qui attendent l\u2019association<\/a>&nbsp;et ses r\u00e9seaux d\u2019\u00e9tablissements&nbsp;scolaires&nbsp;\u00e0 travers le monde.&nbsp;<\/p>\n\n\n\n<div style=\"height:27px\" aria-hidden=\"true\" class=\"wp-block-spacer\"><\/div>\n\n\n\n<h2 class=\"wp-block-heading has-text-align-center has-text-color\" style=\"color:#1792ad\"><strong>~ Retour sur le congr\u00e8s Mlf ~<\/strong><\/h2>\n\n\n\n<figure class=\"wp-block-video\"><video height=\"1080\" style=\"aspect-ratio: 1080 \/ 1080;\" width=\"1080\" controls src=\"https:\/\/congres.mlfmonde.org\/reims2023\/wp-content\/uploads\/2022\/05\/video-cloture-congres-1.mp4\"><\/video><\/figure>\n\n\n\n<div style=\"height:28px\" aria-hidden=\"true\" class=\"wp-block-spacer\"><\/div>\n\n\n\n<p>C&rsquo;est pr\u00e8s de 500 personnes qui ont particip\u00e9 aux s\u00e9ances pl\u00e9ni\u00e8res, tables-rondes, d\u00e9bats et ateliers, le congr\u00e8s anim\u00e9s par des chercheurs, p\u00e9dagogues, sociologues de renom.<\/p>\n\n\n\n<p>Trois jours qui marqueront sans aucun doute un tournant dans l\u2019histoire de la Mission la\u00efque fran\u00e7aise et dans ses orientations strat\u00e9giques<\/p>\n\n\n\n<div class=\"wp-block-buttons is-content-justification-center is-layout-flex wp-container-core-buttons-is-layout-16018d1d wp-block-buttons-is-layout-flex\">\n<div class=\"wp-block-button\"><a class=\"wp-block-button__link has-background wp-element-button\" href=\"https:\/\/www.mlfmonde.org\/rendez-vous-les-8-au-10-prochains-a-rabat-pour-le-congres-anniversaire-de-la-mission-laique-francaise\/\" style=\"background-color:#1792ad\">En savoir plus<\/a><\/div>\n<\/div>\n\n\n\n<h2 class=\"wp-block-heading has-text-align-center has-text-color\" style=\"color:#1792ad\"><strong>~ Les interviews du congr\u00e8s ~<\/strong><\/h2>\n\n\n\n<p class=\"has-text-align-left\"><em>Cr\u00e9er des cadres de coop\u00e9ration pour agir sur des questions d&rsquo;\u00e9ducation, c&rsquo;est le d\u00e9fi que s&rsquo;est donn\u00e9 Benjamin Gentils, co-fondateur de <a href=\"https:\/\/fabpeda.org\/\">la Fabrique des communs p\u00e9dagogiques<\/a> et intervenant au <a href=\"https:\/\/www.youtube.com\/hashtag\/congr%C3%A8smlf\">#Congr\u00e8sMlf<\/a>.<\/em><\/p>\n\n\n\n<figure class=\"wp-block-embed is-type-video is-provider-youtube wp-block-embed-youtube wp-embed-aspect-16-9 wp-has-aspect-ratio\"><div class=\"wp-block-embed__wrapper\">\n<iframe loading=\"lazy\" title=\"Les interviews du #Congr\u00e8sMlf | Benjamin Gentil - La Fabrique des Communs P\u00e9dagogiques\" width=\"500\" height=\"281\" src=\"https:\/\/www.youtube.com\/embed\/K4vjTfbuCZs?feature=oembed&amp;wmode=opaque\"  allow=\"accelerometer; autoplay; clipboard-write; encrypted-media; gyroscope; picture-in-picture; web-share\" referrerpolicy=\"strict-origin-when-cross-origin\" allowfullscreen><\/iframe>\n<\/div><\/figure>\n\n\n\n<div style=\"height:28px\" aria-hidden=\"true\" class=\"wp-block-spacer\"><\/div>\n\n\n\n<p class=\"has-text-align-left\"><em><a href=\"https:\/\/youtu.be\/ssumDnx5aSE\">Emmanuelle Le Pichon<\/a>, directrice du Centre de recherches en \u00e9ducation franco-ontarienne et linguiste \u00e0 l&rsquo;Universit\u00e9 de Toronto revient sur l&rsquo;importance de l&rsquo;\u00e9coute dans les apprentissages.<\/em><\/p>\n\n\n\n<figure class=\"wp-block-embed is-type-video is-provider-youtube wp-block-embed-youtube wp-embed-aspect-16-9 wp-has-aspect-ratio\"><div class=\"wp-block-embed__wrapper\">\n<iframe loading=\"lazy\" title=\"Les interviews du #Congr\u00e8sMlf | Emmanuelle Le Pichon - Centre de recherches franco-ontarienne\" width=\"500\" height=\"281\" src=\"https:\/\/www.youtube.com\/embed\/4GLUYjBgHq4?feature=oembed&amp;wmode=opaque\"  allow=\"accelerometer; autoplay; clipboard-write; encrypted-media; gyroscope; picture-in-picture; web-share\" referrerpolicy=\"strict-origin-when-cross-origin\" allowfullscreen><\/iframe>\n<\/div><\/figure>\n\n\n\n<div style=\"height:28px\" aria-hidden=\"true\" class=\"wp-block-spacer\"><\/div>\n\n\n\n<p><em>Alain Bouvier, Recteur, professeur associ\u00e9 \u00e0 l&rsquo;universit\u00e9 de Sherbrooke et membre du conseil scientifique de la Mlf, revient au <a href=\"https:\/\/www.youtube.com\/hashtag\/congr%C3%A8smlf\">#Congr\u00e8sMlf<\/a>, sur les nouveaux d\u00e9fis qui attendent les chefs d&rsquo;\u00e9tablissement suite \u00e0 la crise de la <a href=\"https:\/\/www.youtube.com\/hashtag\/covid19\">#Covid19<\/a>.<\/em><\/p>\n\n\n\n<figure class=\"wp-block-embed is-type-video is-provider-youtube wp-block-embed-youtube wp-embed-aspect-16-9 wp-has-aspect-ratio\"><div class=\"wp-block-embed__wrapper\">\n<iframe loading=\"lazy\" title=\"Les interviews du #Congr\u00e8sMlf | Alain Bouvier\" width=\"500\" height=\"281\" src=\"https:\/\/www.youtube.com\/embed\/hLyRvPSWbRs?feature=oembed&amp;wmode=opaque\"  allow=\"accelerometer; autoplay; clipboard-write; encrypted-media; gyroscope; picture-in-picture; web-share\" referrerpolicy=\"strict-origin-when-cross-origin\" allowfullscreen><\/iframe>\n<\/div><\/figure>\n\n\n\n<div style=\"height:28px\" aria-hidden=\"true\" class=\"wp-block-spacer\"><\/div>\n\n\n\n<p><em>Quel mod\u00e8le de collaboration entre \u00e9l\u00e8ves dans l&rsquo;\u00c9cole d&rsquo;apr\u00e8s-pand\u00e9mie ? Sylvain Connac, enseignant-chercheur en Sciences de l&rsquo;\u00e9ducation \u00e0 l&rsquo;Universit\u00e9 Paul-Val\u00e9ry de Montpellier, revient sur l&rsquo;importance de donner la possibilit\u00e9 aux \u00e9l\u00e8ves d&rsquo;\u00e9changer.<\/em><\/p>\n\n\n\n<figure class=\"wp-block-embed is-type-video is-provider-youtube wp-block-embed-youtube wp-embed-aspect-16-9 wp-has-aspect-ratio\"><div class=\"wp-block-embed__wrapper\">\n<iframe loading=\"lazy\" title=\"Les interviews du #Congr\u00e8sMlf | Sylvain Connac\" width=\"500\" height=\"281\" src=\"https:\/\/www.youtube.com\/embed\/yXwou-iy2Xc?feature=oembed&amp;wmode=opaque\"  allow=\"accelerometer; autoplay; clipboard-write; encrypted-media; gyroscope; picture-in-picture; web-share\" referrerpolicy=\"strict-origin-when-cross-origin\" allowfullscreen><\/iframe>\n<\/div><\/figure>\n\n\n\n<div style=\"height:28px\" aria-hidden=\"true\" class=\"wp-block-spacer\"><\/div>\n\n\n\n<p><em>Fondatrice et directrice de <a href=\"https:\/\/dulala.fr\/\">DULALA (D&rsquo;une Langue A L&rsquo;Autre)<\/a>, Anna Stevanato revient sur l&rsquo;importance du plurilinguisme dans notre soci\u00e9t\u00e9, de ces enjeux et de ce qui fait qu&rsquo;il permet de constituer le monde de demain.<\/em><\/p>\n\n\n\n<figure class=\"wp-block-embed is-type-video is-provider-youtube wp-block-embed-youtube wp-embed-aspect-16-9 wp-has-aspect-ratio\"><div class=\"wp-block-embed__wrapper\">\n<iframe loading=\"lazy\" title=\"Les interviews du #Congr\u00e8sMlf | Anna Stevanato\" width=\"500\" height=\"281\" src=\"https:\/\/www.youtube.com\/embed\/k_lb9YEs6zI?feature=oembed&amp;wmode=opaque\"  allow=\"accelerometer; autoplay; clipboard-write; encrypted-media; gyroscope; picture-in-picture; web-share\" referrerpolicy=\"strict-origin-when-cross-origin\" allowfullscreen><\/iframe>\n<\/div><\/figure>\n\n\n\n<div style=\"height:28px\" aria-hidden=\"true\" class=\"wp-block-spacer\"><\/div>\n\n\n\n<p><em>Int\u00e9grer les recherches autour de l&rsquo;apprentissage des langues \u00e0 la formation des enseignants, c&rsquo;est l&rsquo;enjeu sur lequel travaille Emmanuelle Canut, professeure des universit\u00e9s en sciences du langage \u00e0 l&rsquo;universit\u00e9 de Lille. Une interview donn\u00e9e au <a href=\"https:\/\/www.youtube.com\/hashtag\/congr%C3%A8smlf\">#Congr\u00e8sMlf<\/a> \u00e0 \u00e9couter ici<\/em><\/p>\n\n\n\n<figure class=\"wp-block-embed is-type-video is-provider-youtube wp-block-embed-youtube wp-embed-aspect-16-9 wp-has-aspect-ratio\"><div class=\"wp-block-embed__wrapper\">\n<iframe loading=\"lazy\" title=\"Les interviews du #Congr\u00e8sMlf | Emmanuelle Canut - Professeure de universit\u00e9s en sciences du langage\" width=\"500\" height=\"281\" src=\"https:\/\/www.youtube.com\/embed\/_vqzQbT4Emc?feature=oembed&amp;wmode=opaque\"  allow=\"accelerometer; autoplay; clipboard-write; encrypted-media; gyroscope; picture-in-picture; web-share\" referrerpolicy=\"strict-origin-when-cross-origin\" allowfullscreen><\/iframe>\n<\/div><\/figure>\n\n\n\n<div style=\"height:25px\" aria-hidden=\"true\" class=\"wp-block-spacer\"><\/div>\n\n\n\n<p><em>El\u00e8ve au Lyc\u00e9e International <a href=\"https:\/\/www.mlfmonde.org\/etablissements\/lycee-francais-international-jean-charcot\/\">Jean-Charcot \u00e0 El Jadida<\/a>, Maroc, Ghali Chaabi a particip\u00e9 aux troisi\u00e8mes rencontres internationales de la webradio scolaire du <a href=\"https:\/\/www.youtube.com\/hashtag\/congr%C3%A8smlf\">#Congr\u00e8sMlf<\/a>. Il nous partage son retour d&rsquo;exp\u00e9rience.<\/em><\/p>\n\n\n\n<figure class=\"wp-block-embed is-type-video is-provider-youtube wp-block-embed-youtube wp-embed-aspect-16-9 wp-has-aspect-ratio\"><div class=\"wp-block-embed__wrapper\">\n<iframe loading=\"lazy\" title=\"Les interviews du #Congr\u00e8sMlf | Ghali Chaabi - Rencontres internationales de la webradio scolaire\" width=\"500\" height=\"281\" src=\"https:\/\/www.youtube.com\/embed\/Vs_uORl2aqc?feature=oembed&amp;wmode=opaque\"  allow=\"accelerometer; autoplay; clipboard-write; encrypted-media; gyroscope; picture-in-picture; web-share\" referrerpolicy=\"strict-origin-when-cross-origin\" allowfullscreen><\/iframe>\n<\/div><\/figure>\n","protected":false},"excerpt":{"rendered":"<p>La Mission la\u00efque fran\u00e7aise organise son congr\u00e8s annuel \u00e0 Rabat, du 8 au 10 mai 2022. Un congr\u00e8s anniversaire qui marquera les 120 ans d&rsquo;engagement de l&rsquo;association au service de l&rsquo;\u00e9ducation dans le monde.<\/p>\n","protected":false},"author":3,"featured_media":9976,"comment_status":"closed","ping_status":"open","sticky":false,"template":"","format":"standard","meta":{"footnotes":""},"categories":[16],"tags":[],"class_list":["post-5564","post","type-post","status-publish","format-standard","has-post-thumbnail","hentry","category-blog"],"_links":{"self":[{"href":"https:\/\/congres.mlfmonde.org\/reims2023\/wp-json\/wp\/v2\/posts\/5564","targetHints":{"allow":["GET"]}}],"collection":[{"href":"https:\/\/congres.mlfmonde.org\/reims2023\/wp-json\/wp\/v2\/posts"}],"about":[{"href":"https:\/\/congres.mlfmonde.org\/reims2023\/wp-json\/wp\/v2\/types\/post"}],"author":[{"embeddable":true,"href":"https:\/\/congres.mlfmonde.org\/reims2023\/wp-json\/wp\/v2\/users\/3"}],"replies":[{"embeddable":true,"href":"https:\/\/congres.mlfmonde.org\/reims2023\/wp-json\/wp\/v2\/comments?post=5564"}],"version-history":[{"count":12,"href":"https:\/\/congres.mlfmonde.org\/reims2023\/wp-json\/wp\/v2\/posts\/5564\/revisions"}],"predecessor-version":[{"id":10108,"href":"https:\/\/congres.mlfmonde.org\/reims2023\/wp-json\/wp\/v2\/posts\/5564\/revisions\/10108"}],"wp:featuredmedia":[{"embeddable":true,"href":"https:\/\/congres.mlfmonde.org\/reims2023\/wp-json\/wp\/v2\/media\/9976"}],"wp:attachment":[{"href":"https:\/\/congres.mlfmonde.org\/reims2023\/wp-json\/wp\/v2\/media?parent=5564"}],"wp:term":[{"taxonomy":"category","embeddable":true,"href":"https:\/\/congres.mlfmonde.org\/reims2023\/wp-json\/wp\/v2\/categories?post=5564"},{"taxonomy":"post_tag","embeddable":true,"href":"https:\/\/congres.mlfmonde.org\/reims2023\/wp-json\/wp\/v2\/tags?post=5564"}],"curies":[{"name":"wp","href":"https:\/\/api.w.org\/{rel}","templated":true}]}}