{"id":6044,"date":"2022-04-19T21:15:27","date_gmt":"2022-04-19T19:15:27","guid":{"rendered":"https:\/\/congres.mlfmonde.org\/reims2023\/?p=6044"},"modified":"2022-05-03T10:06:32","modified_gmt":"2022-05-03T08:06:32","slug":"signatures-de-conventions-et-partenariats","status":"publish","type":"post","link":"https:\/\/congres.mlfmonde.org\/reims2023\/signatures-de-conventions-et-partenariats\/","title":{"rendered":"Signatures de conventions et partenariats"},"content":{"rendered":"\n<p>La culture commune des \u00e9tablissements de la Mission la\u00efque fran\u00e7aise, c\u2019est celle de l\u2019enseignement fran\u00e7ais, dans ses principes philosophiques et moraux, dans ses contenus et leurs caract\u00e9ristiques propres. Chaque \u00e9tablissement s\u2019attache \u00e0 la mettre en pratique et l\u2019adapter dans ses contextes linguistiques et cultuels les plus vari\u00e9s.<\/p>\n\n\n\n<p>Dans cette optique, elle nous des partenariats privil\u00e9gi\u00e9s avec des acad\u00e9mies partenaires ou des universit\u00e9s.<\/p>\n\n\n\n<p><strong>Trois signatures de conventions seront faites au congr\u00e8s 2022<\/strong><\/p>\n\n\n\n<div style=\"height:20px\" aria-hidden=\"true\" class=\"wp-block-spacer\"><\/div>\n\n\n\n<h2 class=\"has-text-color wp-block-heading\" style=\"color:#1792ad\">Acad\u00e9mie de Reims <\/h2>\n\n\n\n<div class=\"wp-block-media-text alignwide is-stacked-on-mobile\" style=\"grid-template-columns:18% auto\"><figure class=\"wp-block-media-text__media\"><img loading=\"lazy\" decoding=\"async\" width=\"224\" height=\"225\" src=\"https:\/\/congres.mlfmonde.org\/reims2023\/wp-content\/uploads\/2022\/04\/telechargement-12.png\" alt=\"\" class=\"wp-image-6047 size-full\" srcset=\"https:\/\/congres.mlfmonde.org\/reims2023\/wp-content\/uploads\/2022\/04\/telechargement-12.png 224w, https:\/\/congres.mlfmonde.org\/reims2023\/wp-content\/uploads\/2022\/04\/telechargement-12-100x100.png 100w, https:\/\/congres.mlfmonde.org\/reims2023\/wp-content\/uploads\/2022\/04\/telechargement-12-150x150.png 150w\" sizes=\"auto, (max-width: 224px) 100vw, 224px\" \/><\/figure><div class=\"wp-block-media-text__content\">\n<p class=\"has-small-font-size\">Port\u00e9e par l\u2019ambition de ses acteurs, l\u2019acad\u00e9mie \u0153uvre depuis 1962 pour rendre possible la r\u00e9ussite de tous les \u00e9l\u00e8ves. En 2022, l&rsquo;<em>acad\u00e9mie de Reims<\/em>&nbsp;c\u00e9l\u00e8bre ses 60 ans !&nbsp;<\/p>\n<\/div><\/div>\n\n\n\n<p><strong>Notre partenariat : <\/strong>Une convention cadre de partenariat pour 3 ans, assortie de conventions d&rsquo;applications annuelles. <\/p>\n\n\n\n<p>La convention d&rsquo;application pour cette ann\u00e9e d\u00e9finit les modalit\u00e9s de partenariat autour des projets suivants : les classes culturelles num\u00e9riques, les missions d&rsquo;expertise, les \u00e9changes entre \u00e9tablissements et la mobilit\u00e9 des \u00e9l\u00e8ves et des personnels, le d\u00e9veloppement d&rsquo;un partenariat entre \u00e9tablissements et&nbsp; Sciences Po Paris sur son campus de Reims, l&rsquo;ouverture mutuelle de concours, la webradio et la mise en place avec l&rsquo;Insp\u00e9 d&rsquo;actions phares de formation.<\/p>\n\n\n\n<p><strong>Date de la signature <\/strong>: 8 mai 2022 en pr\u00e9sence d&rsquo;Olivier Brandouy et Magali Censier \u00e0 14h <\/p>\n\n\n\n<div style=\"height:10px\" aria-hidden=\"true\" class=\"wp-block-spacer\"><\/div>\n\n\n\n<div class=\"wp-block-buttons is-content-justification-center is-layout-flex wp-container-core-buttons-is-layout-16018d1d wp-block-buttons-is-layout-flex\">\n<div class=\"wp-block-button\"><a class=\"wp-block-button__link has-black-color has-cyan-bluish-gray-background-color has-text-color has-background\" href=\"https:\/\/www.ac-reims.fr\/\"><strong>En savoir plus <\/strong><\/a><\/div>\n<\/div>\n\n\n\n<div style=\"height:20px\" aria-hidden=\"true\" class=\"wp-block-spacer\"><\/div>\n\n\n\n<h2 class=\"has-text-color wp-block-heading\" style=\"color:#1792ad\">Acad\u00e9mie de Poitiers <\/h2>\n\n\n\n<div class=\"wp-block-media-text alignwide is-stacked-on-mobile\" style=\"grid-template-columns:29% auto\"><figure class=\"wp-block-media-text__media\"><img loading=\"lazy\" decoding=\"async\" width=\"236\" height=\"213\" src=\"https:\/\/congres.mlfmonde.org\/reims2023\/wp-content\/uploads\/2022\/04\/academie-poitiers.png\" alt=\"\" class=\"wp-image-6097 size-full\"\/><\/figure><div class=\"wp-block-media-text__content\">\n<p class=\"has-small-font-size\">L\u2019acad\u00e9mie de Poitiers est une circonscription \u00e9ducative g\u00e9r\u00e9e par un recteur d\u2019acad\u00e9mie. Elle regroupe quatre d\u00e9partements du nord-ouest de la r\u00e9gion Nouvelle-Aquitaine (Deux-S\u00e8vres, Vienne, Charente, Charente-Maritime).<\/p>\n<\/div><\/div>\n\n\n\n<p>Le si\u00e8ge est situ\u00e9 dans le centre-ville de Poitiers, dans les anciens locaux de l\u2019ENSMA, et partage les murs avec l\u2019IAE Poitiers.<\/p>\n\n\n\n<p><strong>Notre partenariat : <\/strong><\/p>\n\n\n\n<p><strong>Date de la signature <\/strong>: 9 mai 2022 <\/p>\n\n\n\n<div style=\"height:24px\" aria-hidden=\"true\" class=\"wp-block-spacer\"><\/div>\n\n\n\n<div class=\"wp-block-buttons is-content-justification-center is-layout-flex wp-container-core-buttons-is-layout-16018d1d wp-block-buttons-is-layout-flex\">\n<div class=\"wp-block-button\"><a class=\"wp-block-button__link has-black-color has-cyan-bluish-gray-background-color has-text-color has-background\" href=\"https:\/\/www.ac-poitiers.fr\/\"><strong>En savoir plus <\/strong><\/a><\/div>\n<\/div>\n\n\n\n<div style=\"height:24px\" aria-hidden=\"true\" class=\"wp-block-spacer\"><\/div>\n\n\n\n<h2 class=\"has-text-color wp-block-heading\" style=\"color:#1792ad\">Universit\u00e9 Laval<\/h2>\n\n\n\n<div class=\"wp-block-media-text alignwide is-stacked-on-mobile\" style=\"grid-template-columns:23% auto\"><figure class=\"wp-block-media-text__media\"><img loading=\"lazy\" decoding=\"async\" width=\"341\" height=\"148\" src=\"https:\/\/congres.mlfmonde.org\/reims2023\/wp-content\/uploads\/2022\/04\/logo-Laval.png\" alt=\"\" class=\"wp-image-6056 size-full\" srcset=\"https:\/\/congres.mlfmonde.org\/reims2023\/wp-content\/uploads\/2022\/04\/logo-Laval.png 341w, https:\/\/congres.mlfmonde.org\/reims2023\/wp-content\/uploads\/2022\/04\/logo-Laval-300x130.png 300w\" sizes=\"auto, (max-width: 341px) 100vw, 341px\" \/><\/figure><div class=\"wp-block-media-text__content\">\n<p class=\"has-small-font-size\">L\u2019Universit\u00e9 Laval est l&rsquo;une des plus grandes universit\u00e9s au Canada. Elle a \u00e9t\u00e9 fond\u00e9e en 1852 \u00e0 l&rsquo;initiative du S\u00e9minaire de Qu\u00e9bec, lui-m\u00eame fond\u00e9 en 1663, et constitue ainsi le plus ancien \u00e9tablissement d\u2019enseignement sup\u00e9rieur francophone en Am\u00e9rique, et la sixi\u00e8me plus ancienne universit\u00e9 du Canada.<\/p>\n<\/div><\/div>\n\n\n\n<p><strong>Notre partenariat : <\/strong>Signature d&rsquo;une convention avec l&rsquo;universit\u00e9 de LAVAL au Canada, pour la mise en \u0153uvre de la certification leadership. L&rsquo;objectif est d&rsquo;accompagner les personnels d&rsquo;encadrement du r\u00e9seau mlfmonde \u00e0 d\u00e9velopper les habilet\u00e9s de gestion n\u00e9cessaires \u00e0 l\u2019exercice d\u2019un leadership transformationnel.<\/p>\n\n\n\n<p><strong>Date de la signature <\/strong>: 9 mai 2022 en pr\u00e9sence de Caroline Housieaux et Franck Pons<\/p>\n\n\n\n<div style=\"height:11px\" aria-hidden=\"true\" class=\"wp-block-spacer\"><\/div>\n\n\n\n<div class=\"wp-block-buttons is-content-justification-center is-layout-flex wp-container-core-buttons-is-layout-16018d1d wp-block-buttons-is-layout-flex\">\n<div class=\"wp-block-button\"><a class=\"wp-block-button__link has-black-color has-cyan-bluish-gray-background-color has-text-color has-background\" href=\"https:\/\/www.ulaval.ca\/\"><strong>D\u00e9couvrir l&rsquo;institution<\/strong><\/a><\/div>\n<\/div>\n","protected":false},"excerpt":{"rendered":"<p>De nouveaux partenariats pour renforcer notre strat\u00e9gie p\u00e9dagogique.<\/p>\n","protected":false},"author":3,"featured_media":6063,"comment_status":"closed","ping_status":"open","sticky":false,"template":"","format":"standard","meta":{"footnotes":""},"categories":[16],"tags":[],"class_list":["post-6044","post","type-post","status-publish","format-standard","has-post-thumbnail","hentry","category-blog"],"_links":{"self":[{"href":"https:\/\/congres.mlfmonde.org\/reims2023\/wp-json\/wp\/v2\/posts\/6044","targetHints":{"allow":["GET"]}}],"collection":[{"href":"https:\/\/congres.mlfmonde.org\/reims2023\/wp-json\/wp\/v2\/posts"}],"about":[{"href":"https:\/\/congres.mlfmonde.org\/reims2023\/wp-json\/wp\/v2\/types\/post"}],"author":[{"embeddable":true,"href":"https:\/\/congres.mlfmonde.org\/reims2023\/wp-json\/wp\/v2\/users\/3"}],"replies":[{"embeddable":true,"href":"https:\/\/congres.mlfmonde.org\/reims2023\/wp-json\/wp\/v2\/comments?post=6044"}],"version-history":[{"count":8,"href":"https:\/\/congres.mlfmonde.org\/reims2023\/wp-json\/wp\/v2\/posts\/6044\/revisions"}],"predecessor-version":[{"id":8308,"href":"https:\/\/congres.mlfmonde.org\/reims2023\/wp-json\/wp\/v2\/posts\/6044\/revisions\/8308"}],"wp:featuredmedia":[{"embeddable":true,"href":"https:\/\/congres.mlfmonde.org\/reims2023\/wp-json\/wp\/v2\/media\/6063"}],"wp:attachment":[{"href":"https:\/\/congres.mlfmonde.org\/reims2023\/wp-json\/wp\/v2\/media?parent=6044"}],"wp:term":[{"taxonomy":"category","embeddable":true,"href":"https:\/\/congres.mlfmonde.org\/reims2023\/wp-json\/wp\/v2\/categories?post=6044"},{"taxonomy":"post_tag","embeddable":true,"href":"https:\/\/congres.mlfmonde.org\/reims2023\/wp-json\/wp\/v2\/tags?post=6044"}],"curies":[{"name":"wp","href":"https:\/\/api.w.org\/{rel}","templated":true}]}}